{"id":1031,"date":"2016-05-11T11:16:04","date_gmt":"2016-05-11T10:16:04","guid":{"rendered":"https:\/\/cvet.de\/de\/?p=1031"},"modified":"2017-05-17T12:04:32","modified_gmt":"2017-05-17T11:04:32","slug":"9-2","status":"publish","type":"post","link":"https:\/\/cvet.de\/de\/9-2\/","title":{"rendered":"Posterpr\u00e4sentation bei der EMISSIONSMINDERUNG 2016 in N\u00fcrnberg"},"content":{"rendered":"<p>Vom 26. bis 27.04.2016 fand in N\u00fcrnberg die <a href=\"https:\/\/www.vdi-wissensforum.de\/weiterbildung-umwelttechnik\/emissionsminderung\/\" target=\"_blank\">VDI-Fachtagung \u201eEmissionsminderung 2016\u201c<\/a> statt. Die CVET GmbH nahm mit einer Posterpr\u00e4sentation an der Veranstaltung teil. Herr Dipl.-Ing. Olaf Neese stellte das Thema \u201eEffiziente Abluftbehandlung durch eine Kombination aus Aufkonzentration und Mikrogasturbine &#8211; Effiziente W\u00e4rmenutzung in der Abgasreinigung\u201c als Kurzpr\u00e4sentation und als Poster vor.<\/p>\n<p>Im Rahmen dieser 2-t\u00e4gigen Veranstaltung wurden verschiedene Vortr\u00e4ge, Pr\u00e4sentationen und Diskussionen zu folgenden Oberthemen gehalten:<br \/>\n\u2022 TA Luft 2017: Die wichtigsten geplanten emissionsseitigen \u00c4nderungen<br \/>\n\u2022 Verfahrensvergleich von Ma\u00dfnahmen zur Hg-Minderung<br \/>\n\u2022 Methanemissionen in der Lebensmittelproduktion<br \/>\n\u2022 Die neue Fotooxidation in der Abluft<br \/>\n\u2022 Stickoxidminderung im Zielkonflikt mit Energieeffizienz und Naturschutz<br \/>\n\u2022 3 Wege SCR Katalysator f\u00fcr Biogasanlagen<br \/>\n\u2022 Emissionen von Nanopartikeln aus Anlagen und Prozessen<\/p>\n<p>Zu der Veranstaltung ist ein Buch erschienen, das unter der ISBN 978-3-18-092272-0 bezogen werden kann.<\/p>\n","protected":false},"excerpt":{"rendered":"<p>Vom 26. bis 27.04.2016 fand in N\u00fcrnberg die VDI-Fachtagung \u201eEmissionsminderung 2016\u201c statt. Die CVET GmbH nahm mit einer Posterpr\u00e4sentation an der Veranstaltung teil. Herr Dipl.-Ing. Olaf Neese stellte das Thema \u201eEffiziente Abluftbehandlung durch eine Kombination aus Aufkonzentration und Mikrogasturbine &#8211; Effiziente W\u00e4rmenutzung in der Abgasreinigung\u201c als Kurzpr\u00e4sentation und als Poster vor. Im Rahmen dieser 2-t\u00e4gigen<span class=\"moretag\"><a href=\"https:\/\/cvet.de\/de\/9-2\/\"> Weiterlesen<\/a><span><\/p>\n","protected":false},"author":1,"featured_media":1034,"comment_status":"closed","ping_status":"closed","sticky":false,"template":"","format":"standard","meta":{"_acf_changed":false,"footnotes":""},"categories":[1],"tags":[19,42,43,25,35,44,41,20,18],"class_list":["post-1031","post","type-post","status-publish","format-standard","has-post-thumbnail","hentry","category-allgemein","tag-abgasreinigung","tag-adsorption","tag-adsorptionsrad","tag-energieeinsparung","tag-industrie","tag-konzept","tag-mikrogasturbine","tag-olaf-neese","tag-vortrag"],"acf":[],"_links":{"self":[{"href":"https:\/\/cvet.de\/de\/wp-json\/wp\/v2\/posts\/1031","targetHints":{"allow":["GET"]}}],"collection":[{"href":"https:\/\/cvet.de\/de\/wp-json\/wp\/v2\/posts"}],"about":[{"href":"https:\/\/cvet.de\/de\/wp-json\/wp\/v2\/types\/post"}],"author":[{"embeddable":true,"href":"https:\/\/cvet.de\/de\/wp-json\/wp\/v2\/users\/1"}],"replies":[{"embeddable":true,"href":"https:\/\/cvet.de\/de\/wp-json\/wp\/v2\/comments?post=1031"}],"version-history":[{"count":1,"href":"https:\/\/cvet.de\/de\/wp-json\/wp\/v2\/posts\/1031\/revisions"}],"predecessor-version":[{"id":1032,"href":"https:\/\/cvet.de\/de\/wp-json\/wp\/v2\/posts\/1031\/revisions\/1032"}],"wp:featuredmedia":[{"embeddable":true,"href":"https:\/\/cvet.de\/de\/wp-json\/wp\/v2\/media\/1034"}],"wp:attachment":[{"href":"https:\/\/cvet.de\/de\/wp-json\/wp\/v2\/media?parent=1031"}],"wp:term":[{"taxonomy":"category","embeddable":true,"href":"https:\/\/cvet.de\/de\/wp-json\/wp\/v2\/categories?post=1031"},{"taxonomy":"post_tag","embeddable":true,"href":"https:\/\/cvet.de\/de\/wp-json\/wp\/v2\/tags?post=1031"}],"curies":[{"name":"wp","href":"https:\/\/api.w.org\/{rel}","templated":true}]}}